{"id":2,"__str__":"Apresenta\u00e7\u00e3o do Relat\u00f3rio de Avalia\u00e7\u00e3o do Cumprimento das Metas Fiscais para o Relat\u00f3rio do SUS","link_detail_backend":"/audiencia/2","metadata":{},"numero":2,"ano":2021,"nome":"Apresenta\u00e7\u00e3o do Relat\u00f3rio de Avalia\u00e7\u00e3o do Cumprimento das Metas Fiscais para o Relat\u00f3rio do SUS","tema":"Apresenta\u00e7\u00e3o do Relat\u00f3rio de Avalia\u00e7\u00e3o do Cumprimento das Metas Fiscais para o Relat\u00f3rio do SUS","data":"2021-05-26","hora_inicio":"09:00","hora_fim":"","observacao":"Convoca os Vereadores para a Audi\u00eancia P\u00fablica a fim de apresentar o Relat\u00f3rio de Avalia\u00e7\u00e3o do Cumprimento das Metas Fiscais para o Relat\u00f3rio de Gest\u00e3o da Sa\u00fade / SUS, ambos do 1\u00ba Quadrimestre de 2021.","audiencia_cancelada":false,"url_audio":"","url_video":"https://www.facebook.com/camaramunicipalhorizonte/videos/493219601883916","upload_pauta":null,"upload_ata":null,"upload_anexo":"http://sapl.horizonte.ce.leg.br/media/sapl/public/audienciapublica/2/anexo/007_2021.pdf","materia":null,"tipo":1,"parlamentar_autor":null,"requerimento":null}